{"id":120,"date":"2024-07-18T19:15:13","date_gmt":"2024-07-18T17:15:13","guid":{"rendered":"https:\/\/rodpstrowskiego.pl\/?p=120"},"modified":"2024-07-23T10:59:19","modified_gmt":"2024-07-23T08:59:19","slug":"lorem-impsum2","status":"publish","type":"post","link":"https:\/\/rodpstrowskiego.pl\/index.php\/2024\/07\/18\/lorem-impsum2\/","title":{"rendered":"Lustracja ogrod\u00f3w"},"content":{"rendered":"\n<p>Zarz\u0105d ROD Pstrowskiego informuje o lustracji naszych ogrod\u00f3w kt\u00f3ra odb\u0119dzie w dniu <strong>13-07-2024r<\/strong>.<\/p>\n\n\n\n<p><strong>&#8211; Ogr\u00f3d II i III w godz. 10:00 -11:00<\/strong><\/p>\n\n\n\n<p><strong>&#8211; Ogr\u00f3d I w godz. 12:00 \u2013 14:00<\/strong><\/p>\n\n\n\n<p>Lustracja zostanie przeprowadzona pod k\u0105tem posiadania kompostownika, odpowiedniego przyci\u0119cia krzew\u00f3w oraz og\u00f3lnej estetyki. Przypominamy \u017ce zgodnie z \u00a7 105 regulaminu ROD dzia\u0142ka musi posiada\u0107 kompostownik i dzia\u0142kowiec ma obowi\u0105zek kompostowa\u0107 odpady organiczne pochodz\u0105ce z dzia\u0142ki.<\/p>\n\n\n\n<p>R\u00f3wnocze\u015bnie zostan\u0105 skontrolowane przy\u0142\u0105cza do medi\u00f3w.<\/p>\n\n\n\n<p>Prosimy o obecno\u015b\u0107.<\/p>\n\n\n\n<p>\u00a0\u00a0\u00a0\u00a0\u00a0\u00a0\u00a0\u00a0\u00a0\u00a0\u00a0\u00a0\u00a0\u00a0\u00a0\u00a0\u00a0\u00a0\u00a0\u00a0\u00a0\u00a0\u00a0\u00a0\u00a0\u00a0\u00a0\u00a0\u00a0\u00a0\u00a0\u00a0\u00a0\u00a0\u00a0\u00a0\u00a0\u00a0\u00a0\u00a0\u00a0\u00a0\u00a0\u00a0\u00a0\u00a0\u00a0\u00a0\u00a0\u00a0\u00a0\u00a0\u00a0\u00a0\u00a0\u00a0\u00a0\u00a0\u00a0\u00a0\u00a0\u00a0\u00a0\u00a0\u00a0\u00a0\u00a0\u00a0\u00a0\u00a0\u00a0\u00a0 \u00a0 \u00a0 \u00a0 \u00a0 \u00a0 \u00a0 \u00a0\u00a0\u00a0Zarz\u0105d ROD<\/p>\n","protected":false},"excerpt":{"rendered":"<p>Zarz\u0105d ROD Pstrowskiego informuje o lustracji naszych ogrod\u00f3w kt\u00f3ra odb\u0119dzie w dniu 13-07-2024r. &#8211; Ogr\u00f3d II i III w godz. 10:00 -11:00 &#8211; Ogr\u00f3d I w godz. 12:00 \u2013 14:00 Lustracja zostanie przeprowadzona pod k\u0105tem posiadania kompostownika, odpowiedniego przyci\u0119cia krzew\u00f3w oraz og\u00f3lnej estetyki. Przypominamy \u017ce zgodnie z \u00a7 105 regulaminu &hellip; <a class=\"kt-excerpt-readmore more-link\" href=\"https:\/\/rodpstrowskiego.pl\/index.php\/2024\/07\/18\/lorem-impsum2\/\">Czytaj wi\u0119cej<\/a><\/p>\n","protected":false},"author":1,"featured_media":124,"comment_status":"open","ping_status":"open","sticky":false,"template":"","format":"standard","meta":{"kt_blocks_editor_width":"","footnotes":""},"categories":[4],"tags":[],"class_list":["post-120","post","type-post","status-publish","format-standard","has-post-thumbnail","hentry","category-ogloszenia"],"_links":{"self":[{"href":"https:\/\/rodpstrowskiego.pl\/index.php\/wp-json\/wp\/v2\/posts\/120","targetHints":{"allow":["GET"]}}],"collection":[{"href":"https:\/\/rodpstrowskiego.pl\/index.php\/wp-json\/wp\/v2\/posts"}],"about":[{"href":"https:\/\/rodpstrowskiego.pl\/index.php\/wp-json\/wp\/v2\/types\/post"}],"author":[{"embeddable":true,"href":"https:\/\/rodpstrowskiego.pl\/index.php\/wp-json\/wp\/v2\/users\/1"}],"replies":[{"embeddable":true,"href":"https:\/\/rodpstrowskiego.pl\/index.php\/wp-json\/wp\/v2\/comments?post=120"}],"version-history":[{"count":4,"href":"https:\/\/rodpstrowskiego.pl\/index.php\/wp-json\/wp\/v2\/posts\/120\/revisions"}],"predecessor-version":[{"id":354,"href":"https:\/\/rodpstrowskiego.pl\/index.php\/wp-json\/wp\/v2\/posts\/120\/revisions\/354"}],"wp:featuredmedia":[{"embeddable":true,"href":"https:\/\/rodpstrowskiego.pl\/index.php\/wp-json\/wp\/v2\/media\/124"}],"wp:attachment":[{"href":"https:\/\/rodpstrowskiego.pl\/index.php\/wp-json\/wp\/v2\/media?parent=120"}],"wp:term":[{"taxonomy":"category","embeddable":true,"href":"https:\/\/rodpstrowskiego.pl\/index.php\/wp-json\/wp\/v2\/categories?post=120"},{"taxonomy":"post_tag","embeddable":true,"href":"https:\/\/rodpstrowskiego.pl\/index.php\/wp-json\/wp\/v2\/tags?post=120"}],"curies":[{"name":"wp","href":"https:\/\/api.w.org\/{rel}","templated":true}]}}