{"id":190,"date":"2024-08-01T13:20:00","date_gmt":"2024-08-01T11:20:00","guid":{"rendered":"https:\/\/rodpstrowskiego.pl\/?p=190"},"modified":"2024-10-07T14:32:21","modified_gmt":"2024-10-07T12:32:21","slug":"dzien-dzialkowca","status":"publish","type":"post","link":"https:\/\/rodpstrowskiego.pl\/index.php\/2024\/08\/01\/dzien-dzialkowca\/","title":{"rendered":"Dzie\u0144 Dzia\u0142kowca"},"content":{"rendered":"<style>.kb-row-layout-id190_e44e94-05 > .kt-row-column-wrap{align-content:start;}:where(.kb-row-layout-id190_e44e94-05 > .kt-row-column-wrap) > .wp-block-kadence-column{justify-content:start;}.kb-row-layout-id190_e44e94-05 > .kt-row-column-wrap{column-gap:var(--global-kb-gap-md, 2rem);row-gap:var(--global-kb-gap-md, 2rem);padding-top:var(--global-kb-spacing-sm, 1.5rem);padding-bottom:var(--global-kb-spacing-sm, 1.5rem);grid-template-columns:minmax(0, calc(60% - ((var(--global-kb-gap-md, 2rem) * 1 )\/2)))minmax(0, calc(40% - ((var(--global-kb-gap-md, 2rem) * 1 )\/2)));}.kb-row-layout-id190_e44e94-05 > .kt-row-layout-overlay{opacity:0.30;}@media all and (max-width: 1024px){.kb-row-layout-id190_e44e94-05 > .kt-row-column-wrap{grid-template-columns:minmax(0, 2fr) minmax(0, 1fr);}}@media all and (max-width: 767px){.kb-row-layout-id190_e44e94-05 > .kt-row-column-wrap{grid-template-columns:minmax(0, 1fr);}}<\/style><div class=\"kb-row-layout-wrap kb-row-layout-id190_e44e94-05 alignnone wp-block-kadence-rowlayout\"><div class=\"kt-row-column-wrap kt-has-2-columns kt-row-layout-left-golden kt-tab-layout-inherit kt-mobile-layout-row kt-row-valign-top\">\n<style>.kadence-column190_7fe350-91 > .kt-inside-inner-col,.kadence-column190_7fe350-91 > .kt-inside-inner-col:before{border-top-left-radius:0px;border-top-right-radius:0px;border-bottom-right-radius:0px;border-bottom-left-radius:0px;}.kadence-column190_7fe350-91 > .kt-inside-inner-col{column-gap:var(--global-kb-gap-sm, 1rem);}.kadence-column190_7fe350-91 > .kt-inside-inner-col{flex-direction:column;}.kadence-column190_7fe350-91 > .kt-inside-inner-col > .aligncenter{width:100%;}.kadence-column190_7fe350-91 > .kt-inside-inner-col:before{opacity:0.3;}.kadence-column190_7fe350-91{position:relative;}@media all and (max-width: 1024px){.kadence-column190_7fe350-91 > .kt-inside-inner-col{flex-direction:column;justify-content:center;}}@media all and (max-width: 767px){.kadence-column190_7fe350-91 > .kt-inside-inner-col{flex-direction:column;justify-content:center;}}<\/style>\n<div class=\"wp-block-kadence-column kadence-column190_7fe350-91\"><div class=\"kt-inside-inner-col\">\n<p>Zarz\u0105d Rodzinnego Ogrodu Dzia\u0142kowego \u201ePstrowskiego\u201d w Bytomiu zaprasza na Dzie\u0144 Dzia\u0142kowca, kt\u00f3ry odb\u0119dzie si\u0119 15 sierpnia 2024 roku.<\/p>\n\n\n\n<p>Wydarzenie rozpocznie si\u0119 przy Domu Dzia\u0142kowca o godzinie 16:00. Organizatorzy oferuj\u0105 kaw\u0119, herbat\u0119, grill oraz zabaw\u0119 muzyczn\u0105. Go\u015bcie proszeni s\u0105 o przyniesienie napoj\u00f3w we w\u0142asnym zakresie.<\/p>\n\n\n\n<p><strong>UWAGA:<\/strong> Je\u015bli kto\u015b chcia\u0142by pochwali\u0107 si\u0119 swoimi zdolno\u015bciami cukierniczymi, jest gor\u0105co zach\u0119cany do kontaktu. S\u0142odko\u015bci do kawy i herbaty b\u0119d\u0105 mile widziane.<\/p>\n\n\n\n<p>Podczas imprezy b\u0119dzie mo\u017cna naby\u0107 taloniki na potrawy z grilla oraz r\u00f3\u017cne produkty spo\u017cywcze. Taloniki b\u0119d\u0105 wydawane od godz. 16:00 do 18:00.<\/p>\n\n\n\n<p><strong>Harmonogram wydarzenia:<\/strong><\/p>\n\n\n\n<ul class=\"wp-block-list\">\n<li>16:00 \u2013 Rozpocz\u0119cie<\/li>\n\n\n\n<li>16:15 \u2013 19:00 \u2013 Grill, biesiadowanie<\/li>\n\n\n\n<li>17:00 \u2013 22:00 \u2013 Zabaw\u0119 umili muzyka taneczna<\/li>\n<\/ul>\n\n\n\n<p>Wydarzenie zapowiada si\u0119 jako doskona\u0142a okazja do integracji, wsp\u00f3lnego biesiadowania i mi\u0142ego sp\u0119dzenia czasu w gronie dzia\u0142kowc\u00f3w. Serdecznie zapraszamy wszystkich do udzia\u0142u i wsp\u00f3lnego \u015bwi\u0119towania!<\/p>\n\n\n\n<p><strong>Do zobaczenia<\/strong><\/p>\n<\/div><\/div>\n\n\n<style>.kadence-column190_950c19-40 > .kt-inside-inner-col,.kadence-column190_950c19-40 > .kt-inside-inner-col:before{border-top-left-radius:0px;border-top-right-radius:0px;border-bottom-right-radius:0px;border-bottom-left-radius:0px;}.kadence-column190_950c19-40 > .kt-inside-inner-col{column-gap:var(--global-kb-gap-sm, 1rem);}.kadence-column190_950c19-40 > .kt-inside-inner-col{flex-direction:column;}.kadence-column190_950c19-40 > .kt-inside-inner-col > .aligncenter{width:100%;}.kadence-column190_950c19-40 > .kt-inside-inner-col:before{opacity:0.3;}.kadence-column190_950c19-40{position:relative;}@media all and (max-width: 1024px){.kadence-column190_950c19-40 > .kt-inside-inner-col{flex-direction:column;justify-content:center;}}@media all and (max-width: 767px){.kadence-column190_950c19-40 > .kt-inside-inner-col{flex-direction:column;justify-content:center;}}<\/style>\n<div class=\"wp-block-kadence-column kadence-column190_950c19-40\"><div class=\"kt-inside-inner-col\">\n<figure class=\"wp-block-image size-full\"><img loading=\"lazy\" decoding=\"async\" width=\"386\" height=\"547\" src=\"http:\/\/rodpstrowskiego.pl\/wp-content\/uploads\/2024\/07\/451605984_1034078438723032_631566833155633805_n.jpg\" alt=\"\" class=\"wp-image-191\" srcset=\"https:\/\/rodpstrowskiego.pl\/wp-content\/uploads\/2024\/07\/451605984_1034078438723032_631566833155633805_n.jpg 386w, https:\/\/rodpstrowskiego.pl\/wp-content\/uploads\/2024\/07\/451605984_1034078438723032_631566833155633805_n-212x300.jpg 212w\" sizes=\"auto, (max-width: 386px) 100vw, 386px\" \/><\/figure>\n<\/div><\/div>\n\n<\/div><\/div>","protected":false},"excerpt":{"rendered":"<p>Zarz\u0105d Rodzinnego Ogrodu Dzia\u0142kowego \u201ePstrowskiego\u201d w Bytomiu zaprasza na Dzie\u0144 Dzia\u0142kowca, kt\u00f3ry odb\u0119dzie si\u0119 15 sierpnia 2024 roku. Wydarzenie rozpocznie si\u0119 przy Domu Dzia\u0142kowca o godzinie 16:00. Organizatorzy oferuj\u0105 kaw\u0119, herbat\u0119, grill oraz zabaw\u0119 muzyczn\u0105. Go\u015bcie proszeni s\u0105 o przyniesienie napoj\u00f3w we w\u0142asnym zakresie. UWAGA: Je\u015bli kto\u015b chcia\u0142by pochwali\u0107 si\u0119 &hellip; <a class=\"kt-excerpt-readmore more-link\" href=\"https:\/\/rodpstrowskiego.pl\/index.php\/2024\/08\/01\/dzien-dzialkowca\/\">Czytaj wi\u0119cej<\/a><\/p>\n","protected":false},"author":1,"featured_media":191,"comment_status":"closed","ping_status":"closed","sticky":false,"template":"","format":"standard","meta":{"kt_blocks_editor_width":"","footnotes":""},"categories":[4],"tags":[],"class_list":["post-190","post","type-post","status-publish","format-standard","has-post-thumbnail","hentry","category-ogloszenia"],"_links":{"self":[{"href":"https:\/\/rodpstrowskiego.pl\/index.php\/wp-json\/wp\/v2\/posts\/190","targetHints":{"allow":["GET"]}}],"collection":[{"href":"https:\/\/rodpstrowskiego.pl\/index.php\/wp-json\/wp\/v2\/posts"}],"about":[{"href":"https:\/\/rodpstrowskiego.pl\/index.php\/wp-json\/wp\/v2\/types\/post"}],"author":[{"embeddable":true,"href":"https:\/\/rodpstrowskiego.pl\/index.php\/wp-json\/wp\/v2\/users\/1"}],"replies":[{"embeddable":true,"href":"https:\/\/rodpstrowskiego.pl\/index.php\/wp-json\/wp\/v2\/comments?post=190"}],"version-history":[{"count":6,"href":"https:\/\/rodpstrowskiego.pl\/index.php\/wp-json\/wp\/v2\/posts\/190\/revisions"}],"predecessor-version":[{"id":213,"href":"https:\/\/rodpstrowskiego.pl\/index.php\/wp-json\/wp\/v2\/posts\/190\/revisions\/213"}],"wp:featuredmedia":[{"embeddable":true,"href":"https:\/\/rodpstrowskiego.pl\/index.php\/wp-json\/wp\/v2\/media\/191"}],"wp:attachment":[{"href":"https:\/\/rodpstrowskiego.pl\/index.php\/wp-json\/wp\/v2\/media?parent=190"}],"wp:term":[{"taxonomy":"category","embeddable":true,"href":"https:\/\/rodpstrowskiego.pl\/index.php\/wp-json\/wp\/v2\/categories?post=190"},{"taxonomy":"post_tag","embeddable":true,"href":"https:\/\/rodpstrowskiego.pl\/index.php\/wp-json\/wp\/v2\/tags?post=190"}],"curies":[{"name":"wp","href":"https:\/\/api.w.org\/{rel}","templated":true}]}}