{"id":662,"date":"2025-03-16T21:05:06","date_gmt":"2025-03-16T20:05:06","guid":{"rendered":"https:\/\/rodpstrowskiego.pl\/?p=662"},"modified":"2025-03-16T21:05:46","modified_gmt":"2025-03-16T20:05:46","slug":"walne-zebranie-sprawozdawcze","status":"publish","type":"post","link":"https:\/\/rodpstrowskiego.pl\/index.php\/2025\/03\/16\/walne-zebranie-sprawozdawcze\/","title":{"rendered":"Walne zebranie sprawozdawcze"},"content":{"rendered":"\n<p><strong>ZAWIADOMIENIE<\/strong><\/p>\n\n\n\n<p>Kt\u00f3re odb\u0119dzie si\u0119 w dniu: 05-04-2025<br>w &#8222;Dom Dzia\u0142kowca&#8221; ROD &#8222;PSTROWSKIEGO&#8221; w Bytomiu ul. Brzezi\u0144ska 56<br>Pocz\u0105tek obrad:<br>W I terminie godz. 15:00<br>W II terminie godz. 15:30<\/p>\n\n\n\n<p><\/p>\n\n\n\n<p>** Zgodnie z \u00a7 62 ust. 1 statutu PZD uchwa\u0142y zebra\u0144 odbytych w drugim terminie, co najmniej p\u00f3\u0142 godziny po wyznaczonej godzinie rozpocz\u0119cia w pierwszym terminie, s\u0105 wa\u017cne bez wzgl\u0119du na liczb\u0119 cz\u0142onk\u00f3w zwyczajnych PZD obecnych na tym zebraniu.<\/p>\n\n\n\n<p>*** Przepis dotycz\u0105cy II terminu nie ma zastosowania dla konfederacji delegat\u00f3w.<\/p>\n\n\n\n<p>*** Zgodnie z \u00a7 56 ust. 2 statutu PZD prawo udzia\u0142u w walnym zebraniu ma wy\u0142\u0105cznie cz\u0142onek zwyczajowy PZD w danym ROD i wykluczone jest zast\u0119pstwo lub dzia\u0142anie przez pe\u0142nomocnik\u00f3w. Ka\u017cdy cz\u0142onek PZD zaproszony na walne zebranie musi mie\u0107 ze sob\u0105 dow\u00f3d to\u017csamo\u015bci, kt\u00f3ry mo\u017ce by\u0107 sprawdzany przy podpisywaniu listy obecno\u015bci.<\/p>\n\n\n\n<p><strong>PROPONOWANY PORZ\u0104DEK OBRAD<\/strong><\/p>\n\n\n\n<p>1. Otwarcie zebrania.<br>2. Wyb\u00f3r Przewodnicz\u0105cego i Prezydium zebrania. Wyznaczenie protokolanta.<br>3. Zatwierdzenie regulaminu zebrania.<br>4. Zatwierdzenie porz\u0105dku obrad.<br>5. Wyb\u00f3r Komisji Mandatowej, Komisji Uchwa\u0142 i Wniosk\u00f3w oraz Komisji Wyborczej [1].<br>6. Sprawozdanie Zarz\u0105du ROD z dzia\u0142alno\u015bci za 2024 r. (merytoryczne i finansowe).<br>7. Sprawozdanie Komisji Rewizyjnej ROD za 2024 r.<br>8. Ocena dzia\u0142alno\u015bci Zarz\u0105du ROD za 2024 r. przez Komisj\u0119 Rewizyjn\u0105 ROD wraz z wnioskami.<br>9. Sprawozdanie Komisji Mandatowej.<br>10. Projekt planu pracy na 2025 r [3].<br>11. Projekty op\u0142at ogrodowych na 2025 r.<br>12. Projekt preliminarza finansowego ROD na 2025 r. i ocena przez Komisj\u0119 Rewizyjn\u0105 ROD.<br>13. Dyskusja.<br>14. Sprawozdanie Komisji Uchwa\u0142 i Wniosk\u00f3w, g\u0142osowania nad uchwa\u0142ami w sprawach:<br>14.1. Zatwierdzenia sprawozdania z dzia\u0142alno\u015bci Zarz\u0105du ROD za 2024 r.,<br>14.2. Zatwierdzenia sprawozdania finansowego za 2024 r.,<br>14.3. Zatwierdzenia sprawozdania z dzia\u0142alno\u015bci Komisji Rewizyjnej ROD za 2024 r.,<br>14.4. Uchwalenia planu pracy na 2025 r.,<br>14.5. Ustalenia kwoty przeznaczonej na \u015bwiadczenia pieni\u0119\u017cne i nagrody wyp\u0142acane z tytu\u0142u pracy spo\u0142ecznej w ROD[4],<br>14.6. Uchwalenia op\u0142at ogrodowych i terminu ich wnoszenia w 2025 r.,<br>14.7. Uchwalenie realizacji zadania inwestycyjnego (remontowego), w tym partycypacji finansowej dzia\u0142kowc\u00f3w [3],<br>14.8. Uchwalenia innych uchwa\u0142 dotycz\u0105cych dzia\u0142alno\u015bci ogrodu,<br>14.9. Uchwalenia preliminarza finansowego na 2025 r.<br>15. Sprawy r\u00f3\u017cne.<br>16. Zako\u0144czenie obrad.<br><\/p>\n\n\n\n<p>Materia\u0142y sprawozdawcze dost\u0119pne s\u0105 do wgl\u0105du w dniach 26-03-2025 do 26-03-2025 w godzinach od: 16:00 do: 18:00 oraz 29-03-2025 do 29-03-2025 w godzinach od: 09:00 do: 11:00 w Biurze Zarz\u0105du<\/p>\n\n\n\n<p><\/p>\n","protected":false},"excerpt":{"rendered":"<p>ZAWIADOMIENIE Kt\u00f3re odb\u0119dzie si\u0119 w dniu: 05-04-2025w &#8222;Dom Dzia\u0142kowca&#8221; ROD &#8222;PSTROWSKIEGO&#8221; w Bytomiu ul. Brzezi\u0144ska 56Pocz\u0105tek obrad:W I terminie godz. 15:00W II terminie godz. 15:30 ** Zgodnie z \u00a7 62 ust. 1 statutu PZD uchwa\u0142y zebra\u0144 odbytych w drugim terminie, co najmniej p\u00f3\u0142 godziny po wyznaczonej godzinie rozpocz\u0119cia w pierwszym &hellip; <a class=\"kt-excerpt-readmore more-link\" href=\"https:\/\/rodpstrowskiego.pl\/index.php\/2025\/03\/16\/walne-zebranie-sprawozdawcze\/\">Czytaj wi\u0119cej<\/a><\/p>\n","protected":false},"author":1,"featured_media":663,"comment_status":"closed","ping_status":"closed","sticky":false,"template":"","format":"standard","meta":{"kt_blocks_editor_width":"","footnotes":""},"categories":[4],"tags":[],"class_list":["post-662","post","type-post","status-publish","format-standard","has-post-thumbnail","hentry","category-ogloszenia"],"_links":{"self":[{"href":"https:\/\/rodpstrowskiego.pl\/index.php\/wp-json\/wp\/v2\/posts\/662","targetHints":{"allow":["GET"]}}],"collection":[{"href":"https:\/\/rodpstrowskiego.pl\/index.php\/wp-json\/wp\/v2\/posts"}],"about":[{"href":"https:\/\/rodpstrowskiego.pl\/index.php\/wp-json\/wp\/v2\/types\/post"}],"author":[{"embeddable":true,"href":"https:\/\/rodpstrowskiego.pl\/index.php\/wp-json\/wp\/v2\/users\/1"}],"replies":[{"embeddable":true,"href":"https:\/\/rodpstrowskiego.pl\/index.php\/wp-json\/wp\/v2\/comments?post=662"}],"version-history":[{"count":1,"href":"https:\/\/rodpstrowskiego.pl\/index.php\/wp-json\/wp\/v2\/posts\/662\/revisions"}],"predecessor-version":[{"id":664,"href":"https:\/\/rodpstrowskiego.pl\/index.php\/wp-json\/wp\/v2\/posts\/662\/revisions\/664"}],"wp:featuredmedia":[{"embeddable":true,"href":"https:\/\/rodpstrowskiego.pl\/index.php\/wp-json\/wp\/v2\/media\/663"}],"wp:attachment":[{"href":"https:\/\/rodpstrowskiego.pl\/index.php\/wp-json\/wp\/v2\/media?parent=662"}],"wp:term":[{"taxonomy":"category","embeddable":true,"href":"https:\/\/rodpstrowskiego.pl\/index.php\/wp-json\/wp\/v2\/categories?post=662"},{"taxonomy":"post_tag","embeddable":true,"href":"https:\/\/rodpstrowskiego.pl\/index.php\/wp-json\/wp\/v2\/tags?post=662"}],"curies":[{"name":"wp","href":"https:\/\/api.w.org\/{rel}","templated":true}]}}