{"id":759,"date":"2025-10-12T13:35:12","date_gmt":"2025-10-12T11:35:12","guid":{"rendered":"https:\/\/rodpstrowskiego.pl\/?p=759"},"modified":"2025-10-12T13:35:14","modified_gmt":"2025-10-12T11:35:14","slug":"ogloszenie-zakrecenie-doplywu-wody-na-okres-zimowy","status":"publish","type":"post","link":"https:\/\/rodpstrowskiego.pl\/index.php\/2025\/10\/12\/ogloszenie-zakrecenie-doplywu-wody-na-okres-zimowy\/","title":{"rendered":"Og\u0142oszenie: Zakr\u0119cenie dop\u0142ywu wody na okres zimowy."},"content":{"rendered":"<a href=\"https:\/\/rodpstrowskiego.pl\/wp-content\/uploads\/2025\/10\/Dokument_2025-10-12_115405.pdf\" class=\"pdfemb-viewer\" style=\"\" data-width=\"max\" data-height=\"max\" data-toolbar=\"top\" data-toolbar-fixed=\"on\">Dokument_2025-10-12_115405<\/a>","protected":false},"excerpt":{"rendered":"<p>Informujemy, \u017ce w dniu 8 listopada nast\u0105pi zakr\u0119cenie dop\u0142ywu wody na okres zimowy. Prosimy o przygotowanie sowich dzia\u0142ek i zabezpieczenie wszelkich instalacji. &hellip; <a class=\"kt-excerpt-readmore more-link\" href=\"https:\/\/rodpstrowskiego.pl\/index.php\/2025\/10\/12\/ogloszenie-zakrecenie-doplywu-wody-na-okres-zimowy\/\">Czytaj wi\u0119cej<\/a><\/p>\n","protected":false},"author":1,"featured_media":127,"comment_status":"closed","ping_status":"closed","sticky":false,"template":"","format":"standard","meta":{"kt_blocks_editor_width":"","footnotes":""},"categories":[4],"tags":[],"class_list":["post-759","post","type-post","status-publish","format-standard","has-post-thumbnail","hentry","category-ogloszenia"],"_links":{"self":[{"href":"https:\/\/rodpstrowskiego.pl\/index.php\/wp-json\/wp\/v2\/posts\/759","targetHints":{"allow":["GET"]}}],"collection":[{"href":"https:\/\/rodpstrowskiego.pl\/index.php\/wp-json\/wp\/v2\/posts"}],"about":[{"href":"https:\/\/rodpstrowskiego.pl\/index.php\/wp-json\/wp\/v2\/types\/post"}],"author":[{"embeddable":true,"href":"https:\/\/rodpstrowskiego.pl\/index.php\/wp-json\/wp\/v2\/users\/1"}],"replies":[{"embeddable":true,"href":"https:\/\/rodpstrowskiego.pl\/index.php\/wp-json\/wp\/v2\/comments?post=759"}],"version-history":[{"count":1,"href":"https:\/\/rodpstrowskiego.pl\/index.php\/wp-json\/wp\/v2\/posts\/759\/revisions"}],"predecessor-version":[{"id":761,"href":"https:\/\/rodpstrowskiego.pl\/index.php\/wp-json\/wp\/v2\/posts\/759\/revisions\/761"}],"wp:featuredmedia":[{"embeddable":true,"href":"https:\/\/rodpstrowskiego.pl\/index.php\/wp-json\/wp\/v2\/media\/127"}],"wp:attachment":[{"href":"https:\/\/rodpstrowskiego.pl\/index.php\/wp-json\/wp\/v2\/media?parent=759"}],"wp:term":[{"taxonomy":"category","embeddable":true,"href":"https:\/\/rodpstrowskiego.pl\/index.php\/wp-json\/wp\/v2\/categories?post=759"},{"taxonomy":"post_tag","embeddable":true,"href":"https:\/\/rodpstrowskiego.pl\/index.php\/wp-json\/wp\/v2\/tags?post=759"}],"curies":[{"name":"wp","href":"https:\/\/api.w.org\/{rel}","templated":true}]}}